{"id":23376695,"date":"2023-09-01T05:45:00","date_gmt":"2023-09-01T03:45:00","guid":{"rendered":"https:\/\/hrtalk.de\/8-passi-per-assumere-il-dipendente-dei-vostri-sogni\/"},"modified":"2023-12-05T14:09:59","modified_gmt":"2023-12-05T13:09:59","slug":"8-passi-per-assumere-il-dipendente-dei-vostri-sogni","status":"publish","type":"post","link":"https:\/\/hrtalk.de\/it\/8-passi-per-assumere-il-dipendente-dei-vostri-sogni\/","title":{"rendered":"8 passi per assumere il dipendente dei vostri sogni"},"content":{"rendered":"\n<p>Nell&#8217;era della trasformazione digitale, occupare le giuste posizioni IT \u00e8 fondamentale per il successo e la competitivit\u00e0 della vostra azienda. La ricerca di specialisti qualificati nel settore IT richiede non solo competenze tecniche, ma anche un reclutamento efficace. Questo articolo illustra otto passi che le aziende possono compiere per trovare e trattenere i dipendenti pi\u00f9 adatti. Un&#8217;<a href=\"http:\/\/www.paltron.com\/go-de\/it-personalvermittler\" target=\"_blank\" rel=\"noreferrer noopener\">agenzia di reclutamento IT<\/a> pu\u00f2 fornire un supporto in quanto ha accesso a un pool di specialisti adatti.<\/p>\n\n<h2 class=\"wp-block-heading\">Quali sono gli 8 passi?<\/h2>\n\n<h3 class=\"wp-block-heading\"><a><\/a>1. sviluppare una visione chiara<\/h3>\n\n<p>Prima di iniziare il processo, le aziende devono avere un&#8217;idea chiara delle competenze, delle qualifiche e dei tratti della personalit\u00e0 che il futuro dipendente IT deve possedere. La <a href=\"https:\/\/www.bidt.digital\/?glossary=digitale-transformation\" target=\"_blank\" rel=\"noopener\">trasformazione digitale<\/a> richiede spesso competenze versatili che vanno oltre le semplici conoscenze tecniche.<\/p>\n\n<h3 class=\"wp-block-heading\"><a><\/a>2. definizione e analisi del gruppo target<\/h3>\n\n<p>Definire il gruppo target idoneo alla posizione. Considerate le competenze tecniche, ma anche le soft skills e la capacit\u00e0 di adattarsi al panorama tecnologico in continua evoluzione. Particolarmente importanti sono le caratteristiche dei candidati, che non devono essere interrogate qualitativamente attraverso i dati, ma riguardano la personalit\u00e0 del candidato.<\/p>\n\n<h3 class=\"wp-block-heading\"><a><\/a>3. creare fiducia nelle societ\u00e0 di reclutamento IT<\/h3>\n\n<p>La collaborazione con societ\u00e0 specializzate nel reclutamento di personale IT pu\u00f2 accelerare il processo. Assicuratevi che l&#8217;azienda selezionata abbia esperienza nel reclutamento e competenza nel settore IT. \u00c8 inoltre un vantaggio se l&#8217;azienda dispone di un&#8217;ampia rete di candidati. Oggi c&#8217;\u00e8 una carenza di lavoratori qualificati in quasi tutti i settori, ed \u00e8 per questo che le agenzie di reclutamento si sono specializzate.<\/p>\n\n<h3 class=\"wp-block-heading\"><a><\/a>4. ricerca attiva di talenti<\/h3>\n\n<p>Utilizzare le risorse della societ\u00e0 di reclutamento per cercare attivamente i candidati adatti. La trasformazione digitale spesso richiede un alto grado di adattabilit\u00e0 da parte dei talenti e dell&#8217;organizzazione, quindi una ricerca mirata \u00e8 fondamentale. Il futuro dipendente pu\u00f2 essere trovato anche dall <a href=\"https:\/\/hrtalk.de\/hack-the-war-for-talent-5-recruiting-hacks-die-noch-nicht-jeder-kennt\/\">&#8216;ufficio risorse umane interno<\/a>, se \u00e8 gi\u00e0 in grado di operare nel mercato cambiato.<\/p>\n\n<figure class=\"wp-block-image size-full\"><img loading=\"lazy\" decoding=\"async\" width=\"904\" height=\"602\" src=\"https:\/\/hrtalk.de\/wp-content\/uploads\/2023\/08\/Traum-Arbeitskraft.jpg\" alt=\"Sogno di forza lavoro\" class=\"wp-image-23375572\" srcset=\"https:\/\/hrtalk.de\/wp-content\/uploads\/2023\/08\/Traum-Arbeitskraft.jpg 904w, https:\/\/hrtalk.de\/wp-content\/uploads\/2023\/08\/Traum-Arbeitskraft-480x320.jpg 480w\" sizes=\"auto, (min-width: 0px) and (max-width: 480px) 480px, (min-width: 481px) 904px, 100vw\" \/><figcaption class=\"wp-element-caption\">Foto di<a href=\"https:\/\/unsplash.com\/@officestock?utm_source=unsplash&amp;utm_medium=referral&amp;utm_content=creditCopyText\" target=\"_blank\" rel=\"noopener\"> Sebastian Herrmann<\/a> su<a href=\"https:\/\/unsplash.com\/photos\/NbtIDoFKGO8?utm_source=unsplash&amp;utm_medium=referral&amp;utm_content=creditCopyText\" target=\"_blank\" rel=\"noopener\"> Unsplash<\/a><\/figcaption><\/figure>\n\n<h3 class=\"wp-block-heading\">5. interviste orientate alla tecnologia<\/h3>\n\n<p>Il colloquio non deve valutare solo le competenze tecniche, ma anche la capacit\u00e0 del candidato di orientarsi in un panorama digitale in rapida evoluzione. Inoltre, ponete domande le cui risposte vi permetteranno di trarre conclusioni sulla personalit\u00e0 e sulle esigenze del futuro collega e quindi di decidere se si inserir\u00e0 nel team.  <\/p>\n\n<h3 class=\"wp-block-heading\"><a><\/a>6. soft skills e adattamento culturale<\/h3>\n\n<p>Se le competenze tecniche sono importanti, le soft skills come il lavoro di squadra, la comunicazione e la capacit\u00e0 di risolvere i problemi sono fondamentali per il successo nella trasformazione digitale come in qualsiasi altro campo. Assicuratevi che il candidato si adatti alla cultura aziendale.<\/p>\n\n<h3 class=\"wp-block-heading\"><a><\/a>7. porre l&#8217;accento sulle opportunit\u00e0 di formazione e crescita.<\/h3>\n\n<p>La trasformazione digitale apre costantemente nuove opportunit\u00e0 di crescita professionale. Per attirare i migliori talenti, sottolineate le opportunit\u00e0 di formazione e sviluppo professionale, che spesso rappresentano un fattore decisivo.<\/p>\n\n<h3 class=\"wp-block-heading\"><a><\/a>8. rapidit\u00e0 nelle decisioni e nella preparazione dei preventivi<\/h3>\n\n<p>Nel panorama competitivo di oggi, gli specialisti IT sono molto richiesti. Prendete una decisione rapida e create un&#8217;offerta allettante per non perdere il talento dei vostri sogni a vantaggio della concorrenza.<\/p>\n\n<figure class=\"wp-block-image size-full is-resized\"><img loading=\"lazy\" decoding=\"async\" src=\"https:\/\/hrtalk.de\/wp-content\/uploads\/2023\/08\/Traum-Arbeitskraft-im-Sakko.jpg\" alt=\"Lavoratore dei sogni in giacca\" class=\"wp-image-23375579\" width=\"734\" height=\"488\" srcset=\"https:\/\/hrtalk.de\/wp-content\/uploads\/2023\/08\/Traum-Arbeitskraft-im-Sakko.jpg 734w, https:\/\/hrtalk.de\/wp-content\/uploads\/2023\/08\/Traum-Arbeitskraft-im-Sakko-480x320.jpg 480w\" sizes=\"auto, (min-width: 0px) and (max-width: 480px) 480px, (min-width: 481px) 734px, 100vw\" \/><figcaption class=\"wp-element-caption\">Foto di<a href=\"https:\/\/unsplash.com\/@tamarcusbrown?utm_source=unsplash&amp;utm_medium=referral&amp;utm_content=creditCopyText\" target=\"_blank\" rel=\"noopener\"> Tamarcus Brown<\/a> su<a href=\"https:\/\/unsplash.com\/photos\/29pFbI_D1Sc?utm_source=unsplash&amp;utm_medium=referral&amp;utm_content=creditCopyText\" target=\"_blank\" rel=\"noopener\"> Unsplash<\/a><\/figcaption><\/figure>\n\n<h2 class=\"wp-block-heading\">Conclusione<\/h2>\n\n<p>L&#8217;assunzione di professionisti IT nell&#8217;era della trasformazione digitale richiede un approccio strategico e una comprensione del panorama tecnologico in continua evoluzione. Combinando metodi di ricerca mirati, colloqui orientati alla tecnologia e una pari attenzione alle soft skills, le aziende possono attrarre i migliori talenti per affrontare con successo le sfide della trasformazione digitale. La collaborazione con societ\u00e0 specializzate nel reclutamento di personale IT pu\u00f2 accelerare il processo e aumentare le probabilit\u00e0 di successo se si chiarisce al fornitore di servizi che si tratta anche della personalit\u00e0 del talento e non solo delle sue qualifiche.  <\/p>\n\n<h2 class=\"wp-block-heading\">Libri per manager e per chi vuole diventarlo<\/h2>\n\n<p>Esisti davvero! Libri che migliorano le vostre capacit\u00e0 di leadership e di delega. Nel corso della mia attivit\u00e0 di fondatore e manager, ho letto molti libri. Libri sulla leadership che mi hanno aiutato a muovere i primi passi e altri che mi hanno aiutato in una fase avanzata. Ecco i miei 3 migliori libri sulla leadership da cui ancora oggi imparo molto.<\/p>\n\n<div class=\"wp-block-columns is-layout-flex wp-container-core-columns-is-layout-9d6595d7 wp-block-columns-is-layout-flex\">\n<div class=\"wp-block-column is-layout-flow wp-block-column-is-layout-flow\">\n<h4 class=\"wp-block-heading\">Il capo che non dimenticher\u00f2 mai<\/h4>\n\n\n\n<a href=\"https:\/\/www.amazon.de\/Chef-den-ich-vergessen-werde\/dp\/3593507080?__mk_de_DE=%C3%85M%C3%85%C5%BD%C3%95%C3%91&#038;crid=U60F2VIEDXFB&#038;keywords=der+chef+den+ich+nie+vergessen+werde&#038;qid=1698317559&#038;sprefix=der+chef+den+ich+nie+vergessen+werd%2Caps%2C121&#038;sr=8-1&#038;linkCode=li3&#038;tag=hrtalk-21&#038;linkId=eb26a810a9949f9288dee0d9ef4be458&#038;language=de_DE&#038;ref_=as_li_ss_il\" target=\"_blank\" rel=\"noopener\"><img decoding=\"async\" border=\"0\" src=\"\/\/ws-eu.amazon-adsystem.com\/widgets\/q?_encoding=UTF8&#038;ASIN=3593507080&#038;Format=_SL250_&#038;ID=AsinImage&#038;MarketPlace=DE&#038;ServiceVersion=20070822&#038;WS=1&#038;tag=hrtalk-21&#038;language=de_DE\"\/><\/a><img loading=\"lazy\" decoding=\"async\" src=\"https:\/\/ir-de.amazon-adsystem.com\/e\/ir?t=hrtalk-21&#038;language=de_DE&#038;l=li3&#038;o=3&#038;a=3593507080\" width=\"1\" height=\"1\" border=\"0\" alt=\"\" style=\"border:none !important; margin:0px !important;\"\/>\n\n\n\n<p>Un libro su come conquistare la fedelt\u00e0 e il rispetto dei propri dipendenti.<\/p>\n\n\n\n<div class=\"wp-block-buttons is-layout-flex wp-block-buttons-is-layout-flex\">\n<div class=\"wp-block-button is-style-outline is-style-outline--1\"><a class=\"wp-block-button__link has-white-background-color has-background wp-element-button\" href=\"https:\/\/amzn.to\/472HAoj\" style=\"border-radius:6px\" target=\"_blank\" rel=\"noreferrer noopener\">Vedi su Amazon<\/a><\/div>\n<\/div>\n<\/div>\n\n\n\n<div class=\"wp-block-column is-layout-flow wp-block-column-is-layout-flow\">\n<h4 class=\"wp-block-heading\">I bravi capi mangiano per ultimi<\/h4>\n\n\n\n<a href=\"https:\/\/www.amazon.de\/Gute-Chefs-essen-zuletzt-funktionieren\/dp\/3868816623?_encoding=UTF8&#038;qid=&#038;sr=&#038;linkCode=li3&#038;tag=hrtalk-21&#038;linkId=8ab65df8c0cc9df9bde85bc40d788e06&#038;language=de_DE&#038;ref_=as_li_ss_il\" target=\"_blank\" rel=\"noopener\"><img decoding=\"async\" border=\"0\" src=\"\/\/ws-eu.amazon-adsystem.com\/widgets\/q?_encoding=UTF8&#038;ASIN=3868816623&#038;Format=_SL250_&#038;ID=AsinImage&#038;MarketPlace=DE&#038;ServiceVersion=20070822&#038;WS=1&#038;tag=hrtalk-21&#038;language=de_DE\"\/><\/a><img loading=\"lazy\" decoding=\"async\" src=\"https:\/\/ir-de.amazon-adsystem.com\/e\/ir?t=hrtalk-21&#038;language=de_DE&#038;l=li3&#038;o=3&#038;a=3868816623\" width=\"1\" height=\"1\" border=\"0\" alt=\"\" style=\"border:none !important; margin:0px !important;\"\/>\n\n\n\n<p>Il libro che ogni leader deve conoscere. Uno dei migliori libri sulla leadership al mondo.<\/p>\n\n\n\n<div class=\"wp-block-buttons is-layout-flex wp-block-buttons-is-layout-flex\">\n<div class=\"wp-block-button is-style-outline is-style-outline--2\"><a class=\"wp-block-button__link wp-element-button\" href=\"https:\/\/amzn.to\/3tkBCgS\" style=\"border-radius:6px\" target=\"_blank\" rel=\"noreferrer noopener\">Vedi su Amazon<\/a><\/div>\n<\/div>\n<\/div>\n\n\n\n<div class=\"wp-block-column is-layout-flow wp-block-column-is-layout-flow\">\n<h4 class=\"wp-block-heading\">Guida moderna<\/h4>\n\n\n\n<a href=\"https:\/\/www.amazon.de\/dp\/B09RP6NFM3?psc=1&#038;pd_rd_i=B09RP6NFM3&#038;pd_rd_w=OQEzT&#038;content-id=amzn1.sym.7de25020-ed03-4150-a4e5-946dfa0a32e6&#038;pf_rd_p=7de25020-ed03-4150-a4e5-946dfa0a32e6&#038;pf_rd_r=WVTC8MZ0YZZMAYZT92EB&#038;pd_rd_wg=G63PY&#038;pd_rd_r=e0d3731c-a5cb-4e18-b6cd-794ffcda3711&#038;s=books&#038;spLa=ZW5jcnlwdGVkUXVhbGlmaWVyPUEyMkpFU0VRUlE0T1RHJmVuY3J5cHRlZElkPUEwNjM2NDc3MUg0S1hTVEc1MllNRCZlbmNyeXB0ZWRBZElkPUEwMDQ5NTEzM0xGRFlMVklaS0gwTyZ3aWRnZXROYW1lPXNwX2RldGFpbCZhY3Rpb249Y2xpY2tSZWRpcmVjdCZkb05vdExvZ0NsaWNrPXRydWU%3D&#038;linkCode=li3&#038;tag=hrtalk-21&#038;linkId=c881e9bd4d535d38893d01f629e386f8&#038;language=de_DE&#038;ref_=as_li_ss_il\" target=\"_blank\" rel=\"noopener\"><img decoding=\"async\" border=\"0\" src=\"\/\/ws-eu.amazon-adsystem.com\/widgets\/q?_encoding=UTF8&#038;ASIN=B09RP6NFM3&#038;Format=_SL250_&#038;ID=AsinImage&#038;MarketPlace=DE&#038;ServiceVersion=20070822&#038;WS=1&#038;tag=hrtalk-21&#038;language=de_DE\"\/><\/a><img loading=\"lazy\" decoding=\"async\" src=\"https:\/\/ir-de.amazon-adsystem.com\/e\/ir?t=hrtalk-21&#038;language=de_DE&#038;l=li3&#038;o=3&#038;a=B09RP6NFM3\" width=\"1\" height=\"1\" border=\"0\" alt=\"\" style=\"border:none !important; margin:0px !important;\"\/>\n\n\n\n<p>Il manuale pratico per manager &#8211; Come diventare un manager autentico e carismatico, ispirare i dipendenti, guidare i team e ottenere risultati.<\/p>\n\n\n\n<div class=\"wp-block-buttons is-layout-flex wp-block-buttons-is-layout-flex\">\n<div class=\"wp-block-button is-style-outline is-style-outline--3\"><a class=\"wp-block-button__link wp-element-button\" href=\"https:\/\/amzn.to\/3Q6QsBr\" style=\"border-radius:6px\" target=\"_blank\" rel=\"noreferrer noopener\">Vedi su Amazon<\/a><\/div>\n<\/div>\n<\/div>\n<\/div>\n<span class=\"et_bloom_bottom_trigger\"><\/span>","protected":false},"excerpt":{"rendered":"<p>Nell&#8217;era della trasformazione digitale, occupare le giuste posizioni IT \u00e8 fondamentale per il successo e la competitivit\u00e0 della vostra azienda. La ricerca di specialisti qualificati nel settore IT richiede non solo competenze tecniche, ma anche un reclutamento efficace. Questo articolo illustra otto passi che le aziende possono compiere per trovare e trattenere i dipendenti pi\u00f9 [&hellip;]<\/p>\n","protected":false},"author":1,"featured_media":23375590,"comment_status":"open","ping_status":"closed","sticky":false,"template":"","format":"standard","meta":{"_et_pb_use_builder":"off","_et_pb_old_content":"","_et_gb_content_width":"","footnotes":""},"categories":[618,619],"tags":[],"dipi_cpt_category":[],"class_list":["post-23376695","post","type-post","status-publish","format-standard","has-post-thumbnail","hentry","category-reclutamento","category-reclutamento-tecnologico"],"_links":{"self":[{"href":"https:\/\/hrtalk.de\/it\/wp-json\/wp\/v2\/posts\/23376695","targetHints":{"allow":["GET"]}}],"collection":[{"href":"https:\/\/hrtalk.de\/it\/wp-json\/wp\/v2\/posts"}],"about":[{"href":"https:\/\/hrtalk.de\/it\/wp-json\/wp\/v2\/types\/post"}],"author":[{"embeddable":true,"href":"https:\/\/hrtalk.de\/it\/wp-json\/wp\/v2\/users\/1"}],"replies":[{"embeddable":true,"href":"https:\/\/hrtalk.de\/it\/wp-json\/wp\/v2\/comments?post=23376695"}],"version-history":[{"count":1,"href":"https:\/\/hrtalk.de\/it\/wp-json\/wp\/v2\/posts\/23376695\/revisions"}],"predecessor-version":[{"id":23376706,"href":"https:\/\/hrtalk.de\/it\/wp-json\/wp\/v2\/posts\/23376695\/revisions\/23376706"}],"wp:featuredmedia":[{"embeddable":true,"href":"https:\/\/hrtalk.de\/it\/wp-json\/wp\/v2\/media\/23375590"}],"wp:attachment":[{"href":"https:\/\/hrtalk.de\/it\/wp-json\/wp\/v2\/media?parent=23376695"}],"wp:term":[{"taxonomy":"category","embeddable":true,"href":"https:\/\/hrtalk.de\/it\/wp-json\/wp\/v2\/categories?post=23376695"},{"taxonomy":"post_tag","embeddable":true,"href":"https:\/\/hrtalk.de\/it\/wp-json\/wp\/v2\/tags?post=23376695"},{"taxonomy":"dipi_cpt_category","embeddable":true,"href":"https:\/\/hrtalk.de\/it\/wp-json\/wp\/v2\/dipi_cpt_category?post=23376695"}],"curies":[{"name":"wp","href":"https:\/\/api.w.org\/{rel}","templated":true}]}}