{"id":23376759,"date":"2023-09-01T05:45:00","date_gmt":"2023-09-01T03:45:00","guid":{"rendered":"https:\/\/hrtalk.de\/8-pasos-para-contratar-al-empleado-de-sus-suenos\/"},"modified":"2023-12-05T14:19:48","modified_gmt":"2023-12-05T13:19:48","slug":"8-pasos-para-contratar-al-empleado-de-sus-suenos","status":"publish","type":"post","link":"https:\/\/hrtalk.de\/es\/8-pasos-para-contratar-al-empleado-de-sus-suenos\/","title":{"rendered":"8 pasos para contratar al empleado de sus sue\u00f1os"},"content":{"rendered":"\n<p>En la era de la transformaci\u00f3n digital, cubrir los puestos de TI adecuados es crucial para el \u00e9xito y la competitividad de su empresa. La b\u00fasqueda de especialistas cualificados en el sector de las TI requiere no s\u00f3lo conocimientos t\u00e9cnicos, sino tambi\u00e9n una contrataci\u00f3n eficaz. Este art\u00edculo describe ocho pasos que pueden dar las empresas para encontrar y retener a los empleados m\u00e1s adecuados. Una <a href=\"http:\/\/www.paltron.com\/go-de\/it-personalvermittler\" target=\"_blank\" rel=\"noreferrer noopener\">agencia de contrataci\u00f3n de personal inform\u00e1tico<\/a> puede prestarle ayuda, ya que tiene acceso a un grupo de especialistas adecuados.<\/p>\n\n<h2 class=\"wp-block-heading\">\u00bfCu\u00e1les son los 8 pasos?<\/h2>\n\n<h3 class=\"wp-block-heading\"><a><\/a>1. desarrollar una visi\u00f3n clara<\/h3>\n\n<p>Antes de iniciar el proceso, las empresas deben tener una idea clara de las competencias, cualificaciones y rasgos de personalidad que debe poseer el futuro empleado de TI. La <a href=\"https:\/\/www.bidt.digital\/?glossary=digitale-transformation\" target=\"_blank\" rel=\"noopener\">transformaci\u00f3n digital<\/a> suele requerir competencias vers\u00e1tiles que van m\u00e1s all\u00e1 de los meros conocimientos t\u00e9cnicos.<\/p>\n\n<h3 class=\"wp-block-heading\"><a><\/a>2. definici\u00f3n y an\u00e1lisis del grupo destinatario<\/h3>\n\n<p>Defina el grupo destinatario que puede optar al puesto. Hay que tener en cuenta las competencias t\u00e9cnicas, pero tambi\u00e9n las interpersonales y la capacidad de adaptarse al cambiante panorama tecnol\u00f3gico. A este respecto, revisten especial importancia las caracter\u00edsticas de los candidatos, que no deben consultarse cualitativamente a trav\u00e9s de los datos, sino que se refieren a la personalidad del candidato.<\/p>\n\n<h3 class=\"wp-block-heading\"><a><\/a>3. generar confianza en las empresas de contrataci\u00f3n de personal inform\u00e1tico<\/h3>\n\n<p>Trabajar con empresas especializadas en contrataci\u00f3n de personal inform\u00e1tico puede acelerar el proceso. Aseg\u00farese de que la empresa seleccionada tiene experiencia en contrataci\u00f3n y conocimientos en el sector de las TI. Tambi\u00e9n es una ventaja que la empresa disponga de una amplia red de candidatos. Hoy en d\u00eda hay escasez de trabajadores cualificados en casi todos los sectores, raz\u00f3n por la cual las agencias de contrataci\u00f3n se han especializado.<\/p>\n\n<h3 class=\"wp-block-heading\"><a><\/a>4. b\u00fasqueda activa de talentos<\/h3>\n\n<p>Utilizar los recursos de la empresa de contrataci\u00f3n para buscar activamente candidatos adecuados. La transformaci\u00f3n digital suele requerir un alto grado de adaptabilidad por parte del talento y de la organizaci\u00f3n, por lo que una b\u00fasqueda espec\u00edfica es crucial. <a href=\"https:\/\/hrtalk.de\/hack-the-war-for-talent-5-recruiting-hacks-die-noch-nicht-jeder-kennt\/\">El<\/a> futuro empleado tambi\u00e9n puede ser <a href=\"https:\/\/hrtalk.de\/hack-the-war-for-talent-5-recruiting-hacks-die-noch-nicht-jeder-kennt\/\">encontrado por el departamento interno de RRHH<\/a> si ya est\u00e1 en condiciones de operar en un mercado que ha cambiado.<\/p>\n\n<figure class=\"wp-block-image size-full\"><img loading=\"lazy\" decoding=\"async\" width=\"904\" height=\"602\" src=\"https:\/\/hrtalk.de\/wp-content\/uploads\/2023\/08\/Traum-Arbeitskraft.jpg\" alt=\"Mano de obra de ensue&#xF1;o\" class=\"wp-image-23375572\" srcset=\"https:\/\/hrtalk.de\/wp-content\/uploads\/2023\/08\/Traum-Arbeitskraft.jpg 904w, https:\/\/hrtalk.de\/wp-content\/uploads\/2023\/08\/Traum-Arbeitskraft-480x320.jpg 480w\" sizes=\"auto, (min-width: 0px) and (max-width: 480px) 480px, (min-width: 481px) 904px, 100vw\" \/><figcaption class=\"wp-element-caption\">Foto de<a href=\"https:\/\/unsplash.com\/@officestock?utm_source=unsplash&amp;utm_medium=referral&amp;utm_content=creditCopyText\" target=\"_blank\" rel=\"noopener\"> Sebastian Herrmann<\/a> en<a href=\"https:\/\/unsplash.com\/photos\/NbtIDoFKGO8?utm_source=unsplash&amp;utm_medium=referral&amp;utm_content=creditCopyText\" target=\"_blank\" rel=\"noopener\"> Unsplash<\/a><\/figcaption><\/figure>\n\n<h3 class=\"wp-block-heading\">5. entrevistas orientadas a la tecnolog\u00eda<\/h3>\n\n<p>En la entrevista no s\u00f3lo deben evaluarse las aptitudes t\u00e9cnicas, sino tambi\u00e9n la capacidad del candidato para desenvolverse en un panorama digital en r\u00e1pida evoluci\u00f3n. Adem\u00e1s, formule preguntas cuyas respuestas le permitan sacar conclusiones sobre la personalidad y las necesidades del futuro compa\u00f1ero y decidir as\u00ed si encajar\u00e1 en el equipo.  <\/p>\n\n<h3 class=\"wp-block-heading\"><a><\/a>6. competencias interpersonales y adecuaci\u00f3n cultural<\/h3>\n\n<p>Si bien las habilidades t\u00e9cnicas son importantes, las habilidades blandas, como el trabajo en equipo, la comunicaci\u00f3n y la capacidad de resoluci\u00f3n de problemas, son tan cruciales para el \u00e9xito en la transformaci\u00f3n digital como en cualquier otro campo. Aseg\u00farese de que el candidato encaja en la cultura de la empresa.<\/p>\n\n<h3 class=\"wp-block-heading\"><a><\/a>7. hacer hincapi\u00e9 en la formaci\u00f3n continua y las oportunidades de crecimiento<\/h3>\n\n<p>La transformaci\u00f3n digital abre constantemente nuevas oportunidades de crecimiento profesional. Haga hincapi\u00e9 en las oportunidades de formaci\u00f3n y desarrollo profesional para atraer a los mejores talentos, ya que suele ser un factor decisivo.<\/p>\n\n<h3 class=\"wp-block-heading\"><a><\/a>8. rapidez en la toma de decisiones y en la elaboraci\u00f3n de presupuestos<\/h3>\n\n<p>En el competitivo panorama actual, los especialistas en TI est\u00e1n muy solicitados. Toma una decisi\u00f3n r\u00e1pida y crea una oferta atractiva para asegurarte de que no pierdes a tu talento so\u00f1ado a manos de la competencia.<\/p>\n\n<figure class=\"wp-block-image size-full is-resized\"><img loading=\"lazy\" decoding=\"async\" src=\"https:\/\/hrtalk.de\/wp-content\/uploads\/2023\/08\/Traum-Arbeitskraft-im-Sakko.jpg\" alt=\"Trabajador de ensue&#xF1;o con chaqueta\" class=\"wp-image-23375579\" width=\"734\" height=\"488\" srcset=\"https:\/\/hrtalk.de\/wp-content\/uploads\/2023\/08\/Traum-Arbeitskraft-im-Sakko.jpg 734w, https:\/\/hrtalk.de\/wp-content\/uploads\/2023\/08\/Traum-Arbeitskraft-im-Sakko-480x320.jpg 480w\" sizes=\"auto, (min-width: 0px) and (max-width: 480px) 480px, (min-width: 481px) 734px, 100vw\" \/><figcaption class=\"wp-element-caption\">Foto de<a href=\"https:\/\/unsplash.com\/@tamarcusbrown?utm_source=unsplash&amp;utm_medium=referral&amp;utm_content=creditCopyText\" target=\"_blank\" rel=\"noopener\"> Tamarcus Brown<\/a> en<a href=\"https:\/\/unsplash.com\/photos\/29pFbI_D1Sc?utm_source=unsplash&amp;utm_medium=referral&amp;utm_content=creditCopyText\" target=\"_blank\" rel=\"noopener\"> Unsplash<\/a><\/figcaption><\/figure>\n\n<h2 class=\"wp-block-heading\">Conclusi\u00f3n<\/h2>\n\n<p>La contrataci\u00f3n de profesionales de TI en la era de la transformaci\u00f3n digital requiere un enfoque estrat\u00e9gico y una comprensi\u00f3n del cambiante panorama tecnol\u00f3gico. Combinando m\u00e9todos de b\u00fasqueda espec\u00edficos, entrevistas orientadas a la tecnolog\u00eda y un enfoque igualitario en las habilidades blandas, las empresas pueden atraer a los mejores talentos para afrontar con \u00e9xito los retos de la transformaci\u00f3n digital. Trabajar con empresas especializadas en selecci\u00f3n de personal inform\u00e1tico puede acelerar el proceso y aumentar las posibilidades de \u00e9xito si deja claro al proveedor de servicios que tambi\u00e9n se trata de la personalidad del talento y no s\u00f3lo de sus cualificaciones.  <\/p>\n\n<h2 class=\"wp-block-heading\">Libros para directivos y para los que quieren serlo<\/h2>\n\n<p>\u00a1Realmente existes! Libros que mejoran sus habilidades de liderazgo y delegaci\u00f3n. A lo largo de mi trayectoria como fundador y gestor, he le\u00eddo muchos libros. Libros de liderazgo que me ayudaron en mis primeros pasos y otros que me ayudaron en una fase avanzada. Estos son mis tres libros favoritos sobre liderazgo, de los que sigo aprendiendo mucho hoy en d\u00eda.<\/p>\n\n<div class=\"wp-block-columns is-layout-flex wp-container-core-columns-is-layout-9d6595d7 wp-block-columns-is-layout-flex\">\n<div class=\"wp-block-column is-layout-flow wp-block-column-is-layout-flow\">\n<h4 class=\"wp-block-heading\">El jefe que nunca olvidar\u00e9<\/h4>\n\n\n\n<a href=\"https:\/\/www.amazon.de\/Chef-den-ich-vergessen-werde\/dp\/3593507080?__mk_de_DE=%C3%85M%C3%85%C5%BD%C3%95%C3%91&#038;crid=U60F2VIEDXFB&#038;keywords=der+chef+den+ich+nie+vergessen+werde&#038;qid=1698317559&#038;sprefix=der+chef+den+ich+nie+vergessen+werd%2Caps%2C121&#038;sr=8-1&#038;linkCode=li3&#038;tag=hrtalk-21&#038;linkId=eb26a810a9949f9288dee0d9ef4be458&#038;language=de_DE&#038;ref_=as_li_ss_il\" target=\"_blank\" rel=\"noopener\"><img decoding=\"async\" border=\"0\" src=\"\/\/ws-eu.amazon-adsystem.com\/widgets\/q?_encoding=UTF8&#038;ASIN=3593507080&#038;Format=_SL250_&#038;ID=AsinImage&#038;MarketPlace=DE&#038;ServiceVersion=20070822&#038;WS=1&#038;tag=hrtalk-21&#038;language=de_DE\"\/><\/a><img loading=\"lazy\" decoding=\"async\" src=\"https:\/\/ir-de.amazon-adsystem.com\/e\/ir?t=hrtalk-21&#038;language=de_DE&#038;l=li3&#038;o=3&#038;a=3593507080\" width=\"1\" height=\"1\" border=\"0\" alt=\"\" style=\"border:none !important; margin:0px !important;\"\/>\n\n\n\n<p>Un libro sobre c\u00f3mo ganarse la lealtad y el respeto de sus empleados.<\/p>\n\n\n\n<div class=\"wp-block-buttons is-layout-flex wp-block-buttons-is-layout-flex\">\n<div class=\"wp-block-button is-style-outline is-style-outline--1\"><a class=\"wp-block-button__link has-white-background-color has-background wp-element-button\" href=\"https:\/\/amzn.to\/472HAoj\" style=\"border-radius:6px\" target=\"_blank\" rel=\"noreferrer noopener\">Ver en Amazon<\/a><\/div>\n<\/div>\n<\/div>\n\n\n\n<div class=\"wp-block-column is-layout-flow wp-block-column-is-layout-flow\">\n<h4 class=\"wp-block-heading\">Los buenos jefes comen los \u00faltimos<\/h4>\n\n\n\n<a href=\"https:\/\/www.amazon.de\/Gute-Chefs-essen-zuletzt-funktionieren\/dp\/3868816623?_encoding=UTF8&#038;qid=&#038;sr=&#038;linkCode=li3&#038;tag=hrtalk-21&#038;linkId=8ab65df8c0cc9df9bde85bc40d788e06&#038;language=de_DE&#038;ref_=as_li_ss_il\" target=\"_blank\" rel=\"noopener\"><img decoding=\"async\" border=\"0\" src=\"\/\/ws-eu.amazon-adsystem.com\/widgets\/q?_encoding=UTF8&#038;ASIN=3868816623&#038;Format=_SL250_&#038;ID=AsinImage&#038;MarketPlace=DE&#038;ServiceVersion=20070822&#038;WS=1&#038;tag=hrtalk-21&#038;language=de_DE\"\/><\/a><img loading=\"lazy\" decoding=\"async\" src=\"https:\/\/ir-de.amazon-adsystem.com\/e\/ir?t=hrtalk-21&#038;language=de_DE&#038;l=li3&#038;o=3&#038;a=3868816623\" width=\"1\" height=\"1\" border=\"0\" alt=\"\" style=\"border:none !important; margin:0px !important;\"\/>\n\n\n\n<p>El libro que todo l\u00edder debe conocer. Uno de los mejores libros del mundo sobre liderazgo.<\/p>\n\n\n\n<div class=\"wp-block-buttons is-layout-flex wp-block-buttons-is-layout-flex\">\n<div class=\"wp-block-button is-style-outline is-style-outline--2\"><a class=\"wp-block-button__link wp-element-button\" href=\"https:\/\/amzn.to\/3tkBCgS\" style=\"border-radius:6px\" target=\"_blank\" rel=\"noreferrer noopener\">Ver en Amazon<\/a><\/div>\n<\/div>\n<\/div>\n\n\n\n<div class=\"wp-block-column is-layout-flow wp-block-column-is-layout-flow\">\n<h4 class=\"wp-block-heading\">Liderazgo moderno<\/h4>\n\n\n\n<a href=\"https:\/\/www.amazon.de\/dp\/B09RP6NFM3?psc=1&#038;pd_rd_i=B09RP6NFM3&#038;pd_rd_w=OQEzT&#038;content-id=amzn1.sym.7de25020-ed03-4150-a4e5-946dfa0a32e6&#038;pf_rd_p=7de25020-ed03-4150-a4e5-946dfa0a32e6&#038;pf_rd_r=WVTC8MZ0YZZMAYZT92EB&#038;pd_rd_wg=G63PY&#038;pd_rd_r=e0d3731c-a5cb-4e18-b6cd-794ffcda3711&#038;s=books&#038;spLa=ZW5jcnlwdGVkUXVhbGlmaWVyPUEyMkpFU0VRUlE0T1RHJmVuY3J5cHRlZElkPUEwNjM2NDc3MUg0S1hTVEc1MllNRCZlbmNyeXB0ZWRBZElkPUEwMDQ5NTEzM0xGRFlMVklaS0gwTyZ3aWRnZXROYW1lPXNwX2RldGFpbCZhY3Rpb249Y2xpY2tSZWRpcmVjdCZkb05vdExvZ0NsaWNrPXRydWU%3D&#038;linkCode=li3&#038;tag=hrtalk-21&#038;linkId=c881e9bd4d535d38893d01f629e386f8&#038;language=de_DE&#038;ref_=as_li_ss_il\" target=\"_blank\" rel=\"noopener\"><img decoding=\"async\" border=\"0\" src=\"\/\/ws-eu.amazon-adsystem.com\/widgets\/q?_encoding=UTF8&#038;ASIN=B09RP6NFM3&#038;Format=_SL250_&#038;ID=AsinImage&#038;MarketPlace=DE&#038;ServiceVersion=20070822&#038;WS=1&#038;tag=hrtalk-21&#038;language=de_DE\"\/><\/a><img loading=\"lazy\" decoding=\"async\" src=\"https:\/\/ir-de.amazon-adsystem.com\/e\/ir?t=hrtalk-21&#038;language=de_DE&#038;l=li3&#038;o=3&#038;a=B09RP6NFM3\" width=\"1\" height=\"1\" border=\"0\" alt=\"\" style=\"border:none !important; margin:0px !important;\"\/>\n\n\n\n<p>El manual pr\u00e1ctico para directivos &#8211; C\u00f3mo convertirse en un directivo aut\u00e9ntico y carism\u00e1tico, inspirar a los empleados, dirigir equipos y obtener resultados.<\/p>\n\n\n\n<div class=\"wp-block-buttons is-layout-flex wp-block-buttons-is-layout-flex\">\n<div class=\"wp-block-button is-style-outline is-style-outline--3\"><a class=\"wp-block-button__link wp-element-button\" href=\"https:\/\/amzn.to\/3Q6QsBr\" style=\"border-radius:6px\" target=\"_blank\" rel=\"noreferrer noopener\">Ver en Amazon<\/a><\/div>\n<\/div>\n<\/div>\n<\/div>\n<span class=\"et_bloom_bottom_trigger\"><\/span>","protected":false},"excerpt":{"rendered":"<p>En la era de la transformaci\u00f3n digital, cubrir los puestos de TI adecuados es crucial para el \u00e9xito y la competitividad de su empresa. La b\u00fasqueda de especialistas cualificados en el sector de las TI requiere no s\u00f3lo conocimientos t\u00e9cnicos, sino tambi\u00e9n una contrataci\u00f3n eficaz. Este art\u00edculo describe ocho pasos que pueden dar las empresas [&hellip;]<\/p>\n","protected":false},"author":1,"featured_media":23375592,"comment_status":"open","ping_status":"closed","sticky":false,"template":"","format":"standard","meta":{"_et_pb_use_builder":"off","_et_pb_old_content":"","_et_gb_content_width":"","footnotes":""},"categories":[579,650],"tags":[],"dipi_cpt_category":[],"class_list":["post-23376759","post","type-post","status-publish","format-standard","has-post-thumbnail","hentry","category-reclutamiento","category-reclutamiento-tecnico"],"_links":{"self":[{"href":"https:\/\/hrtalk.de\/es\/wp-json\/wp\/v2\/posts\/23376759","targetHints":{"allow":["GET"]}}],"collection":[{"href":"https:\/\/hrtalk.de\/es\/wp-json\/wp\/v2\/posts"}],"about":[{"href":"https:\/\/hrtalk.de\/es\/wp-json\/wp\/v2\/types\/post"}],"author":[{"embeddable":true,"href":"https:\/\/hrtalk.de\/es\/wp-json\/wp\/v2\/users\/1"}],"replies":[{"embeddable":true,"href":"https:\/\/hrtalk.de\/es\/wp-json\/wp\/v2\/comments?post=23376759"}],"version-history":[{"count":1,"href":"https:\/\/hrtalk.de\/es\/wp-json\/wp\/v2\/posts\/23376759\/revisions"}],"predecessor-version":[{"id":23376768,"href":"https:\/\/hrtalk.de\/es\/wp-json\/wp\/v2\/posts\/23376759\/revisions\/23376768"}],"wp:featuredmedia":[{"embeddable":true,"href":"https:\/\/hrtalk.de\/es\/wp-json\/wp\/v2\/media\/23375592"}],"wp:attachment":[{"href":"https:\/\/hrtalk.de\/es\/wp-json\/wp\/v2\/media?parent=23376759"}],"wp:term":[{"taxonomy":"category","embeddable":true,"href":"https:\/\/hrtalk.de\/es\/wp-json\/wp\/v2\/categories?post=23376759"},{"taxonomy":"post_tag","embeddable":true,"href":"https:\/\/hrtalk.de\/es\/wp-json\/wp\/v2\/tags?post=23376759"},{"taxonomy":"dipi_cpt_category","embeddable":true,"href":"https:\/\/hrtalk.de\/es\/wp-json\/wp\/v2\/dipi_cpt_category?post=23376759"}],"curies":[{"name":"wp","href":"https:\/\/api.w.org\/{rel}","templated":true}]}}