{"id":23376651,"date":"2023-09-01T05:45:00","date_gmt":"2023-09-01T03:45:00","guid":{"rendered":"https:\/\/hrtalk.de\/8-kroku-k-najmuti-zamestnance-snu\/"},"modified":"2023-12-05T14:09:59","modified_gmt":"2023-12-05T13:09:59","slug":"8-kroku-k-najmuti-zamestnance-snu","status":"publish","type":"post","link":"https:\/\/hrtalk.de\/cs\/8-kroku-k-najmuti-zamestnance-snu\/","title":{"rendered":"8 krok\u016f k najmut\u00ed zam\u011bstnance sn\u016f"},"content":{"rendered":"\n<p>V dob\u011b digit\u00e1ln\u00ed transformace je obsazen\u00ed spr\u00e1vn\u00fdch IT pozic kl\u00ed\u010dov\u00e9 pro \u00fasp\u011bch a konkurenceschopnost va\u0161\u00ed spole\u010dnosti. Hled\u00e1n\u00ed kvalifikovan\u00fdch odborn\u00edk\u016f v oblasti IT vy\u017eaduje nejen technick\u00e9 znalosti, ale tak\u00e9 efektivn\u00ed n\u00e1bor. Tento \u010dl\u00e1nek popisuje osm krok\u016f, kter\u00e9 mohou spole\u010dnosti podniknout, aby na\u0161ly a udr\u017eely si ty nejvhodn\u011bj\u0161\u00ed zam\u011bstnance. <a href=\"http:\/\/www.paltron.com\/go-de\/it-personalvermittler\" target=\"_blank\" rel=\"noreferrer noopener\">N\u00e1borov\u00e1 agentura pro IT<\/a> m\u016f\u017ee poskytnout podporu, proto\u017ee m\u00e1 p\u0159\u00edstup ke skupin\u011b vhodn\u00fdch odborn\u00edk\u016f.<\/p>\n\n<h2 class=\"wp-block-heading\">Jak\u00fdch je 8 krok\u016f?<\/h2>\n\n<h3 class=\"wp-block-heading\"><a><\/a>1. vytvo\u0159it jasnou vizi<\/h3>\n\n<p>P\u0159ed zah\u00e1jen\u00edm procesu by si spole\u010dnosti m\u011bly ud\u011blat jasnou p\u0159edstavu o dovednostech, kvalifikaci a osobnostn\u00edch vlastnostech, kter\u00e9 by m\u011bl budouc\u00ed zam\u011bstnanec IT m\u00edt. <a href=\"https:\/\/www.bidt.digital\/?glossary=digitale-transformation\" target=\"_blank\" rel=\"noopener\">Digit\u00e1ln\u00ed transformace<\/a> \u010dasto vy\u017eaduje v\u0161estrann\u00e9 dovednosti, kter\u00e9 p\u0159esahuj\u00ed pouh\u00e9 technick\u00e9 znalosti.<\/p>\n\n<h3 class=\"wp-block-heading\"><a><\/a>2. definice a anal\u00fdza c\u00edlov\u00e9 skupiny<\/h3>\n\n<p>Definujte c\u00edlovou skupinu, kter\u00e1 se m\u016f\u017ee o danou pozici uch\u00e1zet. Zva\u017ete technick\u00e9 dovednosti, ale tak\u00e9 m\u011bkk\u00e9 dovednosti a schopnost p\u0159izp\u016fsobit se m\u011bn\u00edc\u00edmu se technologick\u00e9mu prost\u0159ed\u00ed. D\u016fle\u017eit\u00e9 jsou zde zejm\u00e9na vlastnosti uchaze\u010d\u016f, kter\u00e9 nelze zji\u0161\u0165ovat kvalitativn\u011b prost\u0159ednictv\u00edm dat, ale t\u00fdkaj\u00ed se osobnosti uchaze\u010de.<\/p>\n\n<h3 class=\"wp-block-heading\"><a><\/a>3. budov\u00e1n\u00ed d\u016fv\u011bry v n\u00e1borov\u00e9 spole\u010dnosti v oblasti IT<\/h3>\n\n<p>Spolupr\u00e1ce se specializovan\u00fdmi n\u00e1borov\u00fdmi spole\u010dnostmi v oblasti IT m\u016f\u017ee cel\u00fd proces urychlit. Ujist\u011bte se, \u017ee vybran\u00e1 spole\u010dnost m\u00e1 zku\u0161enosti s n\u00e1borem a odborn\u00e9 znalosti v oblasti IT. V\u00fdhodou je tak\u00e9, pokud m\u00e1 spole\u010dnost rozs\u00e1hlou s\u00ed\u0165 kandid\u00e1t\u016f. T\u00e9m\u011b\u0159 v ka\u017ed\u00e9m odv\u011btv\u00ed je dnes nedostatek kvalifikovan\u00fdch pracovn\u00edk\u016f, a proto se person\u00e1ln\u00ed agentury specializuj\u00ed.<\/p>\n\n<h3 class=\"wp-block-heading\"><a><\/a>4. aktivn\u00ed vyhled\u00e1v\u00e1n\u00ed talent\u016f<\/h3>\n\n<p>Vyu\u017eijte zdroje person\u00e1ln\u00ed spole\u010dnosti k aktivn\u00edmu vyhled\u00e1v\u00e1n\u00ed vhodn\u00fdch kandid\u00e1t\u016f. Digit\u00e1ln\u00ed transformace \u010dasto vy\u017eaduje vysokou m\u00edru p\u0159izp\u016fsobivosti talent\u016f i organizace, tak\u017ee c\u00edlen\u00e9 vyhled\u00e1v\u00e1n\u00ed je kl\u00ed\u010dov\u00e9. Budouc\u00edho zam\u011bstnance m\u016f\u017ee <a href=\"https:\/\/hrtalk.de\/hack-the-war-for-talent-5-recruiting-hacks-die-noch-nicht-jeder-kennt\/\">naj\u00edt<\/a> i <a href=\"https:\/\/hrtalk.de\/hack-the-war-for-talent-5-recruiting-hacks-die-noch-nicht-jeder-kennt\/\">intern\u00ed person\u00e1ln\u00ed odd\u011blen\u00ed<\/a>, pokud je ji\u017e schopno p\u016fsobit na zm\u011bn\u011bn\u00e9m trhu.<\/p>\n\n<figure class=\"wp-block-image size-full\"><img loading=\"lazy\" decoding=\"async\" width=\"904\" height=\"602\" src=\"https:\/\/hrtalk.de\/wp-content\/uploads\/2023\/08\/Traum-Arbeitskraft.jpg\" alt=\"Pracovn&#xED; s&#xED;la sn&#x16F;\" class=\"wp-image-23375572\" srcset=\"https:\/\/hrtalk.de\/wp-content\/uploads\/2023\/08\/Traum-Arbeitskraft.jpg 904w, https:\/\/hrtalk.de\/wp-content\/uploads\/2023\/08\/Traum-Arbeitskraft-480x320.jpg 480w\" sizes=\"auto, (min-width: 0px) and (max-width: 480px) 480px, (min-width: 481px) 904px, 100vw\" \/><figcaption class=\"wp-element-caption\">Foto:<a href=\"https:\/\/unsplash.com\/@officestock?utm_source=unsplash&amp;utm_medium=referral&amp;utm_content=creditCopyText\" target=\"_blank\" rel=\"noopener\"> Sebastian Herrmann<\/a> on<a href=\"https:\/\/unsplash.com\/photos\/NbtIDoFKGO8?utm_source=unsplash&amp;utm_medium=referral&amp;utm_content=creditCopyText\" target=\"_blank\" rel=\"noopener\"> Unsplash<\/a><\/figcaption><\/figure>\n\n<h3 class=\"wp-block-heading\">5. technologicky orientovan\u00fd rozhovor<\/h3>\n\n<p>P\u0159i pohovoru by se m\u011bly hodnotit nejen technick\u00e9 dovednosti, ale tak\u00e9 schopnost uchaze\u010de orientovat se v rychle se m\u011bn\u00edc\u00edm digit\u00e1ln\u00edm prost\u0159ed\u00ed. Krom\u011b toho pokl\u00e1dejte ot\u00e1zky, jejich\u017e odpov\u011bdi v\u00e1m umo\u017en\u00ed vyvodit z\u00e1v\u011bry o osobnosti a pot\u0159eb\u00e1ch budouc\u00edho kolegy a rozhodnout tak, zda se hod\u00ed do t\u00fdmu.  <\/p>\n\n<h3 class=\"wp-block-heading\"><a><\/a>6. m\u011bkk\u00e9 dovednosti a kulturn\u00ed p\u0159izp\u016fsoben\u00ed<\/h3>\n\n<p>Technick\u00e9 dovednosti jsou sice d\u016fle\u017eit\u00e9, ale m\u011bkk\u00e9 dovednosti, jako je t\u00fdmov\u00e1 pr\u00e1ce, komunikace a schopnost \u0159e\u0161it probl\u00e9my, jsou pro \u00fasp\u011bch v digit\u00e1ln\u00ed transformaci stejn\u011b d\u016fle\u017eit\u00e9 jako v jak\u00e9mkoli jin\u00e9m oboru. Ujist\u011bte se, \u017ee kandid\u00e1t zapad\u00e1 do firemn\u00ed kultury.<\/p>\n\n<h3 class=\"wp-block-heading\"><a><\/a>7. zd\u016fraznit mo\u017enosti dal\u0161\u00edho vzd\u011bl\u00e1v\u00e1n\u00ed a r\u016fstu<\/h3>\n\n<p>Digit\u00e1ln\u00ed transformace neust\u00e1le otev\u00edr\u00e1 nov\u00e9 mo\u017enosti profesn\u00edho r\u016fstu. Kl\u00e1st d\u016fraz na mo\u017enosti \u0161kolen\u00ed a profesn\u00edho rozvoje, abyste p\u0159il\u00e1kali \u0161pi\u010dkov\u00e9 talenty, proto\u017ee to je \u010dasto rozhoduj\u00edc\u00ed faktor.<\/p>\n\n<h3 class=\"wp-block-heading\"><a><\/a>8. rychl\u00e9 rozhodov\u00e1n\u00ed a p\u0159\u00edprava nab\u00eddek<\/h3>\n\n<p>V dne\u0161n\u00edm konkuren\u010dn\u00edm prost\u0159ed\u00ed je po IT specialistech velk\u00e1 popt\u00e1vka. Rozhodn\u011bte se rychle a vytvo\u0159te atraktivn\u00ed nab\u00eddku, abyste neztratili vysn\u011bn\u00fd talent u konkurence.<\/p>\n\n<figure class=\"wp-block-image size-full is-resized\"><img loading=\"lazy\" decoding=\"async\" src=\"https:\/\/hrtalk.de\/wp-content\/uploads\/2023\/08\/Traum-Arbeitskraft-im-Sakko.jpg\" alt=\"Pracovn&#xED;k sn&#x16F; v saku\" class=\"wp-image-23375579\" width=\"734\" height=\"488\" srcset=\"https:\/\/hrtalk.de\/wp-content\/uploads\/2023\/08\/Traum-Arbeitskraft-im-Sakko.jpg 734w, https:\/\/hrtalk.de\/wp-content\/uploads\/2023\/08\/Traum-Arbeitskraft-im-Sakko-480x320.jpg 480w\" sizes=\"auto, (min-width: 0px) and (max-width: 480px) 480px, (min-width: 481px) 734px, 100vw\" \/><figcaption class=\"wp-element-caption\">Foto:<a href=\"https:\/\/unsplash.com\/@tamarcusbrown?utm_source=unsplash&amp;utm_medium=referral&amp;utm_content=creditCopyText\" target=\"_blank\" rel=\"noopener\"> Tamarcus Brown<\/a> on<a href=\"https:\/\/unsplash.com\/photos\/29pFbI_D1Sc?utm_source=unsplash&amp;utm_medium=referral&amp;utm_content=creditCopyText\" target=\"_blank\" rel=\"noopener\"> Unsplash<\/a><\/figcaption><\/figure>\n\n<h2 class=\"wp-block-heading\">Z\u00e1v\u011br<\/h2>\n\n<p>Naj\u00edm\u00e1n\u00ed IT odborn\u00edk\u016f v dob\u011b digit\u00e1ln\u00ed transformace vy\u017eaduje strategick\u00fd p\u0159\u00edstup a znalost m\u011bn\u00edc\u00edho se technologick\u00e9ho prost\u0159ed\u00ed. Kombinac\u00ed c\u00edlen\u00fdch metod vyhled\u00e1v\u00e1n\u00ed, pohovor\u016f zam\u011b\u0159en\u00fdch na technologie a stejn\u00e9ho d\u016frazu na m\u011bkk\u00e9 dovednosti mohou spole\u010dnosti z\u00edskat ty nejlep\u0161\u00ed talenty, kte\u0159\u00ed \u00fasp\u011b\u0161n\u011b \u010del\u00ed v\u00fdzv\u00e1m digit\u00e1ln\u00ed transformace. Spolupr\u00e1ce se specializovan\u00fdmi n\u00e1borov\u00fdmi spole\u010dnostmi v oblasti IT m\u016f\u017ee urychlit proces a zv\u00fd\u0161it \u0161ance na \u00fasp\u011bch, pokud d\u00e1te poskytovateli slu\u017eeb jasn\u011b najevo, \u017ee v\u00e1m jde tak\u00e9 o osobnost talentu, a ne jen o jeho kvalifikaci.  <\/p>\n\n<h2 class=\"wp-block-heading\">Knihy pro mana\u017eery a ty, kte\u0159\u00ed se jimi cht\u011bj\u00ed st\u00e1t<\/h2>\n\n<p>Opravdu existuje\u0161! Knihy, kter\u00e9 zlep\u0161uj\u00ed va\u0161e dovednosti v oblasti veden\u00ed a delegov\u00e1n\u00ed. B\u011bhem sv\u00e9ho p\u016fsoben\u00ed v roli zakladatele a mana\u017eera jsem p\u0159e\u010detl mnoho knih. Knihy o veden\u00ed, kter\u00e9 mi pomohly p\u0159i m\u00fdch prvn\u00edch kroc\u00edch, a dal\u0161\u00ed knihy, kter\u00e9 mi pomohly v pokro\u010dil\u00e9 f\u00e1zi. Zde jsou m\u00e9 t\u0159i nejobl\u00edben\u011bj\u0161\u00ed knihy o veden\u00ed, ze kter\u00fdch se dodnes hodn\u011b u\u010d\u00edm.<\/p>\n\n<div class=\"wp-block-columns is-layout-flex wp-container-core-columns-is-layout-9d6595d7 wp-block-columns-is-layout-flex\">\n<div class=\"wp-block-column is-layout-flow wp-block-column-is-layout-flow\">\n<h4 class=\"wp-block-heading\">\u0160\u00e9f, na kter\u00e9ho nikdy nezapomenu<\/h4>\n\n\n\n<a href=\"https:\/\/www.amazon.de\/Chef-den-ich-vergessen-werde\/dp\/3593507080?__mk_de_DE=%C3%85M%C3%85%C5%BD%C3%95%C3%91&#038;crid=U60F2VIEDXFB&#038;keywords=der+chef+den+ich+nie+vergessen+werde&#038;qid=1698317559&#038;sprefix=der+chef+den+ich+nie+vergessen+werd%2Caps%2C121&#038;sr=8-1&#038;linkCode=li3&#038;tag=hrtalk-21&#038;linkId=eb26a810a9949f9288dee0d9ef4be458&#038;language=de_DE&#038;ref_=as_li_ss_il\" target=\"_blank\" rel=\"noopener\"><img decoding=\"async\" border=\"0\" src=\"\/\/ws-eu.amazon-adsystem.com\/widgets\/q?_encoding=UTF8&#038;ASIN=3593507080&#038;Format=_SL250_&#038;ID=AsinImage&#038;MarketPlace=DE&#038;ServiceVersion=20070822&#038;WS=1&#038;tag=hrtalk-21&#038;language=de_DE\"\/><\/a><img loading=\"lazy\" decoding=\"async\" src=\"https:\/\/ir-de.amazon-adsystem.com\/e\/ir?t=hrtalk-21&#038;language=de_DE&#038;l=li3&#038;o=3&#038;a=3593507080\" width=\"1\" height=\"1\" border=\"0\" alt=\"\" style=\"border:none !important; margin:0px !important;\"\/>\n\n\n\n<p>Kniha o tom, jak si z\u00edskat loajalitu a respekt zam\u011bstnanc\u016f.<\/p>\n\n\n\n<div class=\"wp-block-buttons is-layout-flex wp-block-buttons-is-layout-flex\">\n<div class=\"wp-block-button is-style-outline is-style-outline--1\"><a class=\"wp-block-button__link has-white-background-color has-background wp-element-button\" href=\"https:\/\/amzn.to\/472HAoj\" style=\"border-radius:6px\" target=\"_blank\" rel=\"noreferrer noopener\">Zobrazit na Amazonu<\/a><\/div>\n<\/div>\n<\/div>\n\n\n\n<div class=\"wp-block-column is-layout-flow wp-block-column-is-layout-flow\">\n<h4 class=\"wp-block-heading\">Dob\u0159\u00ed \u0161\u00e9fov\u00e9 jed\u00ed jako posledn\u00ed<\/h4>\n\n\n\n<a href=\"https:\/\/www.amazon.de\/Gute-Chefs-essen-zuletzt-funktionieren\/dp\/3868816623?_encoding=UTF8&#038;qid=&#038;sr=&#038;linkCode=li3&#038;tag=hrtalk-21&#038;linkId=8ab65df8c0cc9df9bde85bc40d788e06&#038;language=de_DE&#038;ref_=as_li_ss_il\" target=\"_blank\" rel=\"noopener\"><img decoding=\"async\" border=\"0\" src=\"\/\/ws-eu.amazon-adsystem.com\/widgets\/q?_encoding=UTF8&#038;ASIN=3868816623&#038;Format=_SL250_&#038;ID=AsinImage&#038;MarketPlace=DE&#038;ServiceVersion=20070822&#038;WS=1&#038;tag=hrtalk-21&#038;language=de_DE\"\/><\/a><img loading=\"lazy\" decoding=\"async\" src=\"https:\/\/ir-de.amazon-adsystem.com\/e\/ir?t=hrtalk-21&#038;language=de_DE&#038;l=li3&#038;o=3&#038;a=3868816623\" width=\"1\" height=\"1\" border=\"0\" alt=\"\" style=\"border:none !important; margin:0px !important;\"\/>\n\n\n\n<p>Kniha, kterou by m\u011bl zn\u00e1t ka\u017ed\u00fd vedouc\u00ed pracovn\u00edk. Jedna z nejlep\u0161\u00edch knih o veden\u00ed lid\u00ed na sv\u011bt\u011b.<\/p>\n\n\n\n<div class=\"wp-block-buttons is-layout-flex wp-block-buttons-is-layout-flex\">\n<div class=\"wp-block-button is-style-outline is-style-outline--2\"><a class=\"wp-block-button__link wp-element-button\" href=\"https:\/\/amzn.to\/3tkBCgS\" style=\"border-radius:6px\" target=\"_blank\" rel=\"noreferrer noopener\">Zobrazit na Amazonu<\/a><\/div>\n<\/div>\n<\/div>\n\n\n\n<div class=\"wp-block-column is-layout-flow wp-block-column-is-layout-flow\">\n<h4 class=\"wp-block-heading\">Modern\u00ed veden\u00ed<\/h4>\n\n\n\n<a href=\"https:\/\/www.amazon.de\/dp\/B09RP6NFM3?psc=1&#038;pd_rd_i=B09RP6NFM3&#038;pd_rd_w=OQEzT&#038;content-id=amzn1.sym.7de25020-ed03-4150-a4e5-946dfa0a32e6&#038;pf_rd_p=7de25020-ed03-4150-a4e5-946dfa0a32e6&#038;pf_rd_r=WVTC8MZ0YZZMAYZT92EB&#038;pd_rd_wg=G63PY&#038;pd_rd_r=e0d3731c-a5cb-4e18-b6cd-794ffcda3711&#038;s=books&#038;spLa=ZW5jcnlwdGVkUXVhbGlmaWVyPUEyMkpFU0VRUlE0T1RHJmVuY3J5cHRlZElkPUEwNjM2NDc3MUg0S1hTVEc1MllNRCZlbmNyeXB0ZWRBZElkPUEwMDQ5NTEzM0xGRFlMVklaS0gwTyZ3aWRnZXROYW1lPXNwX2RldGFpbCZhY3Rpb249Y2xpY2tSZWRpcmVjdCZkb05vdExvZ0NsaWNrPXRydWU%3D&#038;linkCode=li3&#038;tag=hrtalk-21&#038;linkId=c881e9bd4d535d38893d01f629e386f8&#038;language=de_DE&#038;ref_=as_li_ss_il\" target=\"_blank\" rel=\"noopener\"><img decoding=\"async\" border=\"0\" src=\"\/\/ws-eu.amazon-adsystem.com\/widgets\/q?_encoding=UTF8&#038;ASIN=B09RP6NFM3&#038;Format=_SL250_&#038;ID=AsinImage&#038;MarketPlace=DE&#038;ServiceVersion=20070822&#038;WS=1&#038;tag=hrtalk-21&#038;language=de_DE\"\/><\/a><img loading=\"lazy\" decoding=\"async\" src=\"https:\/\/ir-de.amazon-adsystem.com\/e\/ir?t=hrtalk-21&#038;language=de_DE&#038;l=li3&#038;o=3&#038;a=B09RP6NFM3\" width=\"1\" height=\"1\" border=\"0\" alt=\"\" style=\"border:none !important; margin:0px !important;\"\/>\n\n\n\n<p>Praktick\u00e1 p\u0159\u00edru\u010dka pro mana\u017eery &#8211; Jak se st\u00e1t autentick\u00fdm a charismatick\u00fdm mana\u017eerem, inspirovat zam\u011bstnance, v\u00e9st t\u00fdmy a dosahovat v\u00fdsledk\u016f.<\/p>\n\n\n\n<div class=\"wp-block-buttons is-layout-flex wp-block-buttons-is-layout-flex\">\n<div class=\"wp-block-button is-style-outline is-style-outline--3\"><a class=\"wp-block-button__link wp-element-button\" href=\"https:\/\/amzn.to\/3Q6QsBr\" style=\"border-radius:6px\" target=\"_blank\" rel=\"noreferrer noopener\">Zobrazit na Amazonu<\/a><\/div>\n<\/div>\n<\/div>\n<\/div>\n<span class=\"et_bloom_bottom_trigger\"><\/span>","protected":false},"excerpt":{"rendered":"<p>V dob\u011b digit\u00e1ln\u00ed transformace je obsazen\u00ed spr\u00e1vn\u00fdch IT pozic kl\u00ed\u010dov\u00e9 pro \u00fasp\u011bch a konkurenceschopnost va\u0161\u00ed spole\u010dnosti. Hled\u00e1n\u00ed kvalifikovan\u00fdch odborn\u00edk\u016f v oblasti IT vy\u017eaduje nejen technick\u00e9 znalosti, ale tak\u00e9 efektivn\u00ed n\u00e1bor. Tento \u010dl\u00e1nek popisuje osm krok\u016f, kter\u00e9 mohou spole\u010dnosti podniknout, aby na\u0161ly a udr\u017eely si ty nejvhodn\u011bj\u0161\u00ed zam\u011bstnance. N\u00e1borov\u00e1 agentura pro IT m\u016f\u017ee poskytnout podporu, proto\u017ee [&hellip;]<\/p>\n","protected":false},"author":1,"featured_media":23375587,"comment_status":"open","ping_status":"closed","sticky":false,"template":"","format":"standard","meta":{"_et_pb_use_builder":"off","_et_pb_old_content":"","_et_gb_content_width":"","footnotes":""},"categories":[583,581],"tags":[],"dipi_cpt_category":[],"class_list":["post-23376651","post","type-post","status-publish","format-standard","has-post-thumbnail","hentry","category-nabor-techniku","category-nabor-zamestnancu"],"_links":{"self":[{"href":"https:\/\/hrtalk.de\/cs\/wp-json\/wp\/v2\/posts\/23376651","targetHints":{"allow":["GET"]}}],"collection":[{"href":"https:\/\/hrtalk.de\/cs\/wp-json\/wp\/v2\/posts"}],"about":[{"href":"https:\/\/hrtalk.de\/cs\/wp-json\/wp\/v2\/types\/post"}],"author":[{"embeddable":true,"href":"https:\/\/hrtalk.de\/cs\/wp-json\/wp\/v2\/users\/1"}],"replies":[{"embeddable":true,"href":"https:\/\/hrtalk.de\/cs\/wp-json\/wp\/v2\/comments?post=23376651"}],"version-history":[{"count":1,"href":"https:\/\/hrtalk.de\/cs\/wp-json\/wp\/v2\/posts\/23376651\/revisions"}],"predecessor-version":[{"id":23376660,"href":"https:\/\/hrtalk.de\/cs\/wp-json\/wp\/v2\/posts\/23376651\/revisions\/23376660"}],"wp:featuredmedia":[{"embeddable":true,"href":"https:\/\/hrtalk.de\/cs\/wp-json\/wp\/v2\/media\/23375587"}],"wp:attachment":[{"href":"https:\/\/hrtalk.de\/cs\/wp-json\/wp\/v2\/media?parent=23376651"}],"wp:term":[{"taxonomy":"category","embeddable":true,"href":"https:\/\/hrtalk.de\/cs\/wp-json\/wp\/v2\/categories?post=23376651"},{"taxonomy":"post_tag","embeddable":true,"href":"https:\/\/hrtalk.de\/cs\/wp-json\/wp\/v2\/tags?post=23376651"},{"taxonomy":"dipi_cpt_category","embeddable":true,"href":"https:\/\/hrtalk.de\/cs\/wp-json\/wp\/v2\/dipi_cpt_category?post=23376651"}],"curies":[{"name":"wp","href":"https:\/\/api.w.org\/{rel}","templated":true}]}}